{"id":250,"date":"2025-07-30T18:45:19","date_gmt":"2025-07-30T18:45:19","guid":{"rendered":"https:\/\/www.cayco.mx\/blog\/?p=250"},"modified":"2025-07-30T18:45:23","modified_gmt":"2025-07-30T18:45:23","slug":"en-cayco-cuidar-a-nuestra-gente-es-parte-del-trabajo","status":"publish","type":"post","link":"https:\/\/www.cayco.mx\/blog\/compromiso\/en-cayco-cuidar-a-nuestra-gente-es-parte-del-trabajo\/","title":{"rendered":"En CAYCO, cuidar a nuestra gente es parte del trabajo"},"content":{"rendered":"<div class=\"wp-block-image\">\n<figure class=\"aligncenter size-full\"><img loading=\"lazy\" decoding=\"async\" width=\"463\" height=\"508\" src=\"https:\/\/www.cayco.mx\/blog\/wp-content\/uploads\/2025\/07\/image-7.png\" alt=\"\" class=\"wp-image-251\" srcset=\"https:\/\/www.cayco.mx\/blog\/wp-content\/uploads\/2025\/07\/image-7.png 463w, https:\/\/www.cayco.mx\/blog\/wp-content\/uploads\/2025\/07\/image-7-273x300.png 273w\" sizes=\"auto, (max-width: 463px) 100vw, 463px\" \/><\/figure>\n<\/div>\n\n\n<p>En CAYCO Construcci\u00f3n, sabemos que detr\u00e1s de cada metro c\u00fabico de concreto, cada estructura levantada y cada entrega cumplida, hay un equipo comprometido que lo hace posible. Para nosotros, <strong>el verdadero cimiento de una empresa s\u00f3lida es su gente<\/strong>.<\/p>\n\n\n\n<p>Por eso, <strong>crear un entorno de trabajo digno, seguro y colaborativo no es un beneficio adicional: es parte fundamental de nuestro compromiso empresarial.<\/strong> Cuidar a nuestro equipo no solo nos hace una mejor empresa, sino que garantiza que cada proyecto, grande o peque\u00f1o, se construya con calidad, integridad y prop\u00f3sito.<\/p>\n\n\n\n<h3 class=\"wp-block-heading\">Un entorno seguro y humano: nuestra prioridad diaria<\/h3>\n\n\n\n<p>La seguridad en la industria de la construcci\u00f3n no puede ser opcional. En CAYCO, <strong>implementamos protocolos estrictos de seguridad laboral<\/strong>, monitoreados constantemente y reforzados con capacitaciones continuas.<\/p>\n\n\n\n<p>Pero no solo nos enfocamos en lo f\u00edsico. Sabemos que un entorno laboral sano tambi\u00e9n debe ser <strong>emocionalmente equilibrado<\/strong>, por eso promovemos la comunicaci\u00f3n abierta, el trabajo colaborativo y el respeto mutuo en todos los niveles de la organizaci\u00f3n.<\/p>\n\n\n\n<h3 class=\"wp-block-heading\">Prestaciones pensadas para el bienestar y el futuro<\/h3>\n\n\n\n<p>Entendemos que <strong>el trabajo es solo una parte de la vida<\/strong>. Por eso, desarrollamos un paquete de prestaciones que respalda a nuestra gente dentro y fuera de la jornada laboral:<\/p>\n\n\n\n<ul class=\"wp-block-list\">\n<li><strong>Seguro m\u00e9dico y de vida:<\/strong> Porque la salud de cada integrante es una prioridad.<\/li>\n\n\n\n<li><strong>Aportaciones y fondos para el retiro:<\/strong> Nos interesa su bienestar a largo plazo.<\/li>\n\n\n\n<li><strong>Bonos por desempe\u00f1o y productividad:<\/strong> Reconocemos el esfuerzo individual y en equipo.<\/li>\n\n\n\n<li><strong>Apoyos educativos:<\/strong> Para fomentar la preparaci\u00f3n t\u00e9cnica y el crecimiento profesional.<\/li>\n\n\n\n<li><strong>Flexibilidad laboral seg\u00fan el puesto:<\/strong> Porque sabemos que cada familia y cada historia son distintas.<\/li>\n<\/ul>\n\n\n\n<h3 class=\"wp-block-heading\">Desarrollo profesional: crecer dentro de CAYCO es posible<\/h3>\n\n\n\n<p>En CAYCO, no creemos en el estancamiento. Fomentamos una cultura en la que <strong>el talento interno es el primer lugar donde buscamos cuando hay oportunidades de ascenso.<\/strong><\/p>\n\n\n\n<ul class=\"wp-block-list\">\n<li><strong>Planes de carrera personalizados<\/strong><\/li>\n\n\n\n<li><strong>Capacitaciones t\u00e9cnicas continuas<\/strong><\/li>\n\n\n\n<li><strong>Liderazgo inclusivo y formaci\u00f3n en habilidades blandas<\/strong><\/li>\n<\/ul>\n\n\n\n<p>Desde operativos hasta administrativos, todos tienen la posibilidad de <strong>aprender, mejorar y crecer<\/strong> con nosotros. Esa es una de nuestras mayores fortalezas: construir desde dentro.<\/p>\n\n\n\n<h3 class=\"wp-block-heading\">Historias que inspiran: nuestro equipo habla<\/h3>\n\n\n\n<p>Nada representa mejor nuestra filosof\u00eda que la experiencia de nuestra gente. Aqu\u00ed algunas voces que reflejan lo que es trabajar en CAYCO:<\/p>\n\n\n\n<p>\u201cEmpec\u00e9 como ayudante general hace cinco a\u00f1os. Hoy lidero un equipo de log\u00edstica. CAYCO confi\u00f3 en m\u00ed y me dio las herramientas para crecer.\u201d<br><em>\u2014 Luis Hern\u00e1ndez, Coordinador de Log\u00edstica<\/em><\/p>\n\n\n\n<p>\u201cNunca hab\u00eda trabajado en una empresa donde me sintiera tan escuchada. El ambiente aqu\u00ed no solo es profesional, tambi\u00e9n es humano.\u201d<br><em>\u2014 Mar\u00eda Gonz\u00e1lez, Ingeniera de calidad<\/em><\/p>\n\n\n\n<p>\u201cMe dieron la oportunidad de estudiar mi carrera mientras trabajaba. Ahora formo parte del equipo de dise\u00f1o estructural.\u201d<br><em>\u2014 Fernando Ru\u00edz, Ingeniero estructurista junior<\/em><\/p>\n\n\n\n<h3 class=\"wp-block-heading\">M\u00e1s que construir concreto, construimos comunidad<\/h3>\n\n\n\n<p>En CAYCO, creemos que las empresas tambi\u00e9n deben ser <strong>agentes de cambio social<\/strong>. Adem\u00e1s de cuidar a nuestra gente, <strong>nos involucramos con las comunidades donde trabajamos<\/strong>, apoyando programas sociales, educativos y de desarrollo urbano que impacten positivamente.<\/p>\n\n\n\n<p>Y eso empieza desde casa. Porque <strong>una empresa que cuida a su gente puede construir un mejor futuro para todos<\/strong>.<\/p>\n\n\n\n<h3 class=\"wp-block-heading\">\u00bfQuieres formar parte de nuestro equipo?<\/h3>\n\n\n\n<p>Si compartes nuestra visi\u00f3n de trabajo con sentido, con innovaci\u00f3n y compromiso, <strong>en CAYCO siempre estamos buscando talento humano que quiera crecer<\/strong>. Ya sea en planta, en obra o en \u00e1reas administrativas, <strong>aqu\u00ed encontrar\u00e1s una empresa que valora tu esfuerzo y te acompa\u00f1a en tu desarrollo profesional.<\/strong><\/p>\n\n\n\n<h3 class=\"wp-block-heading\">&nbsp;Donde la innovaci\u00f3n empieza con las personas<\/h3>\n\n\n\n<p>Nuestro liderazgo en concreto premezclado, sostenibilidad e innovaci\u00f3n tecnol\u00f3gica no ser\u00eda posible sin <strong>las personas que todos los d\u00edas dan lo mejor de s\u00ed<\/strong>. En CAYCO, <strong>sabemos que cuidar a nuestra gente es parte del trabajo&#8230; y tambi\u00e9n parte del \u00e9xito.<\/strong><\/p>\n","protected":false},"excerpt":{"rendered":"<p>En CAYCO Construcci\u00f3n, sabemos que detr\u00e1s de cada metro c\u00fabico de concreto, cada estructura levantada y cada entrega cumplida, hay un equipo comprometido que lo hace posible. Para nosotros, el verdadero cimiento de una empresa s\u00f3lida es su gente. Por eso, crear un entorno de trabajo digno, seguro y colaborativo no es un beneficio adicional: [&hellip;]<\/p>\n","protected":false},"author":1,"featured_media":251,"comment_status":"open","ping_status":"closed","sticky":false,"template":"","format":"standard","meta":{"footnotes":""},"categories":[7],"tags":[],"class_list":["post-250","post","type-post","status-publish","format-standard","has-post-thumbnail","hentry","category-compromiso"],"yoast_head":"<!-- This site is optimized with the Yoast SEO plugin v27.4 - https:\/\/yoast.com\/product\/yoast-seo-wordpress\/ -->\n<title>En CAYCO, cuidar a nuestra gente es parte del trabajo - Blogs<\/title>\n<meta name=\"robots\" content=\"index, follow, max-snippet:-1, max-image-preview:large, max-video-preview:-1\" \/>\n<link rel=\"canonical\" href=\"https:\/\/www.cayco.mx\/blog\/compromiso\/en-cayco-cuidar-a-nuestra-gente-es-parte-del-trabajo\/\" \/>\n<meta property=\"og:locale\" content=\"es_ES\" \/>\n<meta property=\"og:type\" content=\"article\" \/>\n<meta property=\"og:title\" content=\"En CAYCO, cuidar a nuestra gente es parte del trabajo - Blogs\" \/>\n<meta property=\"og:description\" content=\"En CAYCO Construcci\u00f3n, sabemos que detr\u00e1s de cada metro c\u00fabico de concreto, cada estructura levantada y cada entrega cumplida, hay un equipo comprometido que lo hace posible. Para nosotros, el verdadero cimiento de una empresa s\u00f3lida es su gente. Por eso, crear un entorno de trabajo digno, seguro y colaborativo no es un beneficio adicional: [&hellip;]\" \/>\n<meta property=\"og:url\" content=\"https:\/\/www.cayco.mx\/blog\/compromiso\/en-cayco-cuidar-a-nuestra-gente-es-parte-del-trabajo\/\" \/>\n<meta property=\"og:site_name\" content=\"Blogs\" \/>\n<meta property=\"article:published_time\" content=\"2025-07-30T18:45:19+00:00\" \/>\n<meta property=\"article:modified_time\" content=\"2025-07-30T18:45:23+00:00\" \/>\n<meta property=\"og:image\" content=\"https:\/\/www.cayco.mx\/blog\/wp-content\/uploads\/2025\/07\/image-7.png\" \/>\n\t<meta property=\"og:image:width\" content=\"463\" \/>\n\t<meta property=\"og:image:height\" content=\"508\" \/>\n\t<meta property=\"og:image:type\" content=\"image\/png\" \/>\n<meta name=\"author\" content=\"cayco\" \/>\n<meta name=\"twitter:card\" content=\"summary_large_image\" \/>\n<meta name=\"twitter:label1\" content=\"Escrito por\" \/>\n\t<meta name=\"twitter:data1\" content=\"cayco\" \/>\n\t<meta name=\"twitter:label2\" content=\"Tiempo de lectura\" \/>\n\t<meta name=\"twitter:data2\" content=\"4 minutos\" \/>\n<script type=\"application\/ld+json\" class=\"yoast-schema-graph\">{\"@context\":\"https:\\\/\\\/schema.org\",\"@graph\":[{\"@type\":\"Article\",\"@id\":\"https:\\\/\\\/www.cayco.mx\\\/blog\\\/compromiso\\\/en-cayco-cuidar-a-nuestra-gente-es-parte-del-trabajo\\\/#article\",\"isPartOf\":{\"@id\":\"https:\\\/\\\/www.cayco.mx\\\/blog\\\/compromiso\\\/en-cayco-cuidar-a-nuestra-gente-es-parte-del-trabajo\\\/\"},\"author\":{\"name\":\"cayco\",\"@id\":\"https:\\\/\\\/www.cayco.mx\\\/blog\\\/#\\\/schema\\\/person\\\/8b0cd6773e86c1a0ae7fefa2bba148c9\"},\"headline\":\"En CAYCO, cuidar a nuestra gente es parte del trabajo\",\"datePublished\":\"2025-07-30T18:45:19+00:00\",\"dateModified\":\"2025-07-30T18:45:23+00:00\",\"mainEntityOfPage\":{\"@id\":\"https:\\\/\\\/www.cayco.mx\\\/blog\\\/compromiso\\\/en-cayco-cuidar-a-nuestra-gente-es-parte-del-trabajo\\\/\"},\"wordCount\":663,\"commentCount\":0,\"publisher\":{\"@id\":\"https:\\\/\\\/www.cayco.mx\\\/blog\\\/#organization\"},\"image\":{\"@id\":\"https:\\\/\\\/www.cayco.mx\\\/blog\\\/compromiso\\\/en-cayco-cuidar-a-nuestra-gente-es-parte-del-trabajo\\\/#primaryimage\"},\"thumbnailUrl\":\"https:\\\/\\\/www.cayco.mx\\\/blog\\\/wp-content\\\/uploads\\\/2025\\\/07\\\/image-7.png\",\"articleSection\":[\"compromiso\"],\"inLanguage\":\"es\",\"potentialAction\":[{\"@type\":\"CommentAction\",\"name\":\"Comment\",\"target\":[\"https:\\\/\\\/www.cayco.mx\\\/blog\\\/compromiso\\\/en-cayco-cuidar-a-nuestra-gente-es-parte-del-trabajo\\\/#respond\"]}]},{\"@type\":\"WebPage\",\"@id\":\"https:\\\/\\\/www.cayco.mx\\\/blog\\\/compromiso\\\/en-cayco-cuidar-a-nuestra-gente-es-parte-del-trabajo\\\/\",\"url\":\"https:\\\/\\\/www.cayco.mx\\\/blog\\\/compromiso\\\/en-cayco-cuidar-a-nuestra-gente-es-parte-del-trabajo\\\/\",\"name\":\"En CAYCO, cuidar a nuestra gente es parte del trabajo - Blogs\",\"isPartOf\":{\"@id\":\"https:\\\/\\\/www.cayco.mx\\\/blog\\\/#website\"},\"primaryImageOfPage\":{\"@id\":\"https:\\\/\\\/www.cayco.mx\\\/blog\\\/compromiso\\\/en-cayco-cuidar-a-nuestra-gente-es-parte-del-trabajo\\\/#primaryimage\"},\"image\":{\"@id\":\"https:\\\/\\\/www.cayco.mx\\\/blog\\\/compromiso\\\/en-cayco-cuidar-a-nuestra-gente-es-parte-del-trabajo\\\/#primaryimage\"},\"thumbnailUrl\":\"https:\\\/\\\/www.cayco.mx\\\/blog\\\/wp-content\\\/uploads\\\/2025\\\/07\\\/image-7.png\",\"datePublished\":\"2025-07-30T18:45:19+00:00\",\"dateModified\":\"2025-07-30T18:45:23+00:00\",\"breadcrumb\":{\"@id\":\"https:\\\/\\\/www.cayco.mx\\\/blog\\\/compromiso\\\/en-cayco-cuidar-a-nuestra-gente-es-parte-del-trabajo\\\/#breadcrumb\"},\"inLanguage\":\"es\",\"potentialAction\":[{\"@type\":\"ReadAction\",\"target\":[\"https:\\\/\\\/www.cayco.mx\\\/blog\\\/compromiso\\\/en-cayco-cuidar-a-nuestra-gente-es-parte-del-trabajo\\\/\"]}]},{\"@type\":\"ImageObject\",\"inLanguage\":\"es\",\"@id\":\"https:\\\/\\\/www.cayco.mx\\\/blog\\\/compromiso\\\/en-cayco-cuidar-a-nuestra-gente-es-parte-del-trabajo\\\/#primaryimage\",\"url\":\"https:\\\/\\\/www.cayco.mx\\\/blog\\\/wp-content\\\/uploads\\\/2025\\\/07\\\/image-7.png\",\"contentUrl\":\"https:\\\/\\\/www.cayco.mx\\\/blog\\\/wp-content\\\/uploads\\\/2025\\\/07\\\/image-7.png\",\"width\":463,\"height\":508},{\"@type\":\"BreadcrumbList\",\"@id\":\"https:\\\/\\\/www.cayco.mx\\\/blog\\\/compromiso\\\/en-cayco-cuidar-a-nuestra-gente-es-parte-del-trabajo\\\/#breadcrumb\",\"itemListElement\":[{\"@type\":\"ListItem\",\"position\":1,\"name\":\"Portada\",\"item\":\"https:\\\/\\\/www.cayco.mx\\\/blog\\\/\"},{\"@type\":\"ListItem\",\"position\":2,\"name\":\"En CAYCO, cuidar a nuestra gente es parte del trabajo\"}]},{\"@type\":\"WebSite\",\"@id\":\"https:\\\/\\\/www.cayco.mx\\\/blog\\\/#website\",\"url\":\"https:\\\/\\\/www.cayco.mx\\\/blog\\\/\",\"name\":\"Blogs\",\"description\":\"\",\"publisher\":{\"@id\":\"https:\\\/\\\/www.cayco.mx\\\/blog\\\/#organization\"},\"potentialAction\":[{\"@type\":\"SearchAction\",\"target\":{\"@type\":\"EntryPoint\",\"urlTemplate\":\"https:\\\/\\\/www.cayco.mx\\\/blog\\\/?s={search_term_string}\"},\"query-input\":{\"@type\":\"PropertyValueSpecification\",\"valueRequired\":true,\"valueName\":\"search_term_string\"}}],\"inLanguage\":\"es\"},{\"@type\":\"Organization\",\"@id\":\"https:\\\/\\\/www.cayco.mx\\\/blog\\\/#organization\",\"name\":\"Blogs\",\"url\":\"https:\\\/\\\/www.cayco.mx\\\/blog\\\/\",\"logo\":{\"@type\":\"ImageObject\",\"inLanguage\":\"es\",\"@id\":\"https:\\\/\\\/www.cayco.mx\\\/blog\\\/#\\\/schema\\\/logo\\\/image\\\/\",\"url\":\"https:\\\/\\\/www.cayco.mx\\\/blog\\\/wp-content\\\/uploads\\\/2025\\\/09\\\/cropped-Logo-Cayco-sin-Fondo@4x.webp\",\"contentUrl\":\"https:\\\/\\\/www.cayco.mx\\\/blog\\\/wp-content\\\/uploads\\\/2025\\\/09\\\/cropped-Logo-Cayco-sin-Fondo@4x.webp\",\"width\":1897,\"height\":678,\"caption\":\"Blogs\"},\"image\":{\"@id\":\"https:\\\/\\\/www.cayco.mx\\\/blog\\\/#\\\/schema\\\/logo\\\/image\\\/\"}},{\"@type\":\"Person\",\"@id\":\"https:\\\/\\\/www.cayco.mx\\\/blog\\\/#\\\/schema\\\/person\\\/8b0cd6773e86c1a0ae7fefa2bba148c9\",\"name\":\"cayco\",\"image\":{\"@type\":\"ImageObject\",\"inLanguage\":\"es\",\"@id\":\"https:\\\/\\\/secure.gravatar.com\\\/avatar\\\/255d33555c07fed929ba934cf22703404fdf912492afd4d780b6a36534cc73f4?s=96&d=mm&r=g\",\"url\":\"https:\\\/\\\/secure.gravatar.com\\\/avatar\\\/255d33555c07fed929ba934cf22703404fdf912492afd4d780b6a36534cc73f4?s=96&d=mm&r=g\",\"contentUrl\":\"https:\\\/\\\/secure.gravatar.com\\\/avatar\\\/255d33555c07fed929ba934cf22703404fdf912492afd4d780b6a36534cc73f4?s=96&d=mm&r=g\",\"caption\":\"cayco\"},\"sameAs\":[\"http:\\\/\\\/www.cayco.mx\\\/blog\"],\"url\":\"https:\\\/\\\/www.cayco.mx\\\/blog\\\/author\\\/admin\\\/\"}]}<\/script>\n<!-- \/ Yoast SEO plugin. -->","yoast_head_json":{"title":"En CAYCO, cuidar a nuestra gente es parte del trabajo - Blogs","robots":{"index":"index","follow":"follow","max-snippet":"max-snippet:-1","max-image-preview":"max-image-preview:large","max-video-preview":"max-video-preview:-1"},"canonical":"https:\/\/www.cayco.mx\/blog\/compromiso\/en-cayco-cuidar-a-nuestra-gente-es-parte-del-trabajo\/","og_locale":"es_ES","og_type":"article","og_title":"En CAYCO, cuidar a nuestra gente es parte del trabajo - Blogs","og_description":"En CAYCO Construcci\u00f3n, sabemos que detr\u00e1s de cada metro c\u00fabico de concreto, cada estructura levantada y cada entrega cumplida, hay un equipo comprometido que lo hace posible. Para nosotros, el verdadero cimiento de una empresa s\u00f3lida es su gente. Por eso, crear un entorno de trabajo digno, seguro y colaborativo no es un beneficio adicional: [&hellip;]","og_url":"https:\/\/www.cayco.mx\/blog\/compromiso\/en-cayco-cuidar-a-nuestra-gente-es-parte-del-trabajo\/","og_site_name":"Blogs","article_published_time":"2025-07-30T18:45:19+00:00","article_modified_time":"2025-07-30T18:45:23+00:00","og_image":[{"width":463,"height":508,"url":"https:\/\/www.cayco.mx\/blog\/wp-content\/uploads\/2025\/07\/image-7.png","type":"image\/png"}],"author":"cayco","twitter_card":"summary_large_image","twitter_misc":{"Escrito por":"cayco","Tiempo de lectura":"4 minutos"},"schema":{"@context":"https:\/\/schema.org","@graph":[{"@type":"Article","@id":"https:\/\/www.cayco.mx\/blog\/compromiso\/en-cayco-cuidar-a-nuestra-gente-es-parte-del-trabajo\/#article","isPartOf":{"@id":"https:\/\/www.cayco.mx\/blog\/compromiso\/en-cayco-cuidar-a-nuestra-gente-es-parte-del-trabajo\/"},"author":{"name":"cayco","@id":"https:\/\/www.cayco.mx\/blog\/#\/schema\/person\/8b0cd6773e86c1a0ae7fefa2bba148c9"},"headline":"En CAYCO, cuidar a nuestra gente es parte del trabajo","datePublished":"2025-07-30T18:45:19+00:00","dateModified":"2025-07-30T18:45:23+00:00","mainEntityOfPage":{"@id":"https:\/\/www.cayco.mx\/blog\/compromiso\/en-cayco-cuidar-a-nuestra-gente-es-parte-del-trabajo\/"},"wordCount":663,"commentCount":0,"publisher":{"@id":"https:\/\/www.cayco.mx\/blog\/#organization"},"image":{"@id":"https:\/\/www.cayco.mx\/blog\/compromiso\/en-cayco-cuidar-a-nuestra-gente-es-parte-del-trabajo\/#primaryimage"},"thumbnailUrl":"https:\/\/www.cayco.mx\/blog\/wp-content\/uploads\/2025\/07\/image-7.png","articleSection":["compromiso"],"inLanguage":"es","potentialAction":[{"@type":"CommentAction","name":"Comment","target":["https:\/\/www.cayco.mx\/blog\/compromiso\/en-cayco-cuidar-a-nuestra-gente-es-parte-del-trabajo\/#respond"]}]},{"@type":"WebPage","@id":"https:\/\/www.cayco.mx\/blog\/compromiso\/en-cayco-cuidar-a-nuestra-gente-es-parte-del-trabajo\/","url":"https:\/\/www.cayco.mx\/blog\/compromiso\/en-cayco-cuidar-a-nuestra-gente-es-parte-del-trabajo\/","name":"En CAYCO, cuidar a nuestra gente es parte del trabajo - Blogs","isPartOf":{"@id":"https:\/\/www.cayco.mx\/blog\/#website"},"primaryImageOfPage":{"@id":"https:\/\/www.cayco.mx\/blog\/compromiso\/en-cayco-cuidar-a-nuestra-gente-es-parte-del-trabajo\/#primaryimage"},"image":{"@id":"https:\/\/www.cayco.mx\/blog\/compromiso\/en-cayco-cuidar-a-nuestra-gente-es-parte-del-trabajo\/#primaryimage"},"thumbnailUrl":"https:\/\/www.cayco.mx\/blog\/wp-content\/uploads\/2025\/07\/image-7.png","datePublished":"2025-07-30T18:45:19+00:00","dateModified":"2025-07-30T18:45:23+00:00","breadcrumb":{"@id":"https:\/\/www.cayco.mx\/blog\/compromiso\/en-cayco-cuidar-a-nuestra-gente-es-parte-del-trabajo\/#breadcrumb"},"inLanguage":"es","potentialAction":[{"@type":"ReadAction","target":["https:\/\/www.cayco.mx\/blog\/compromiso\/en-cayco-cuidar-a-nuestra-gente-es-parte-del-trabajo\/"]}]},{"@type":"ImageObject","inLanguage":"es","@id":"https:\/\/www.cayco.mx\/blog\/compromiso\/en-cayco-cuidar-a-nuestra-gente-es-parte-del-trabajo\/#primaryimage","url":"https:\/\/www.cayco.mx\/blog\/wp-content\/uploads\/2025\/07\/image-7.png","contentUrl":"https:\/\/www.cayco.mx\/blog\/wp-content\/uploads\/2025\/07\/image-7.png","width":463,"height":508},{"@type":"BreadcrumbList","@id":"https:\/\/www.cayco.mx\/blog\/compromiso\/en-cayco-cuidar-a-nuestra-gente-es-parte-del-trabajo\/#breadcrumb","itemListElement":[{"@type":"ListItem","position":1,"name":"Portada","item":"https:\/\/www.cayco.mx\/blog\/"},{"@type":"ListItem","position":2,"name":"En CAYCO, cuidar a nuestra gente es parte del trabajo"}]},{"@type":"WebSite","@id":"https:\/\/www.cayco.mx\/blog\/#website","url":"https:\/\/www.cayco.mx\/blog\/","name":"Blogs","description":"","publisher":{"@id":"https:\/\/www.cayco.mx\/blog\/#organization"},"potentialAction":[{"@type":"SearchAction","target":{"@type":"EntryPoint","urlTemplate":"https:\/\/www.cayco.mx\/blog\/?s={search_term_string}"},"query-input":{"@type":"PropertyValueSpecification","valueRequired":true,"valueName":"search_term_string"}}],"inLanguage":"es"},{"@type":"Organization","@id":"https:\/\/www.cayco.mx\/blog\/#organization","name":"Blogs","url":"https:\/\/www.cayco.mx\/blog\/","logo":{"@type":"ImageObject","inLanguage":"es","@id":"https:\/\/www.cayco.mx\/blog\/#\/schema\/logo\/image\/","url":"https:\/\/www.cayco.mx\/blog\/wp-content\/uploads\/2025\/09\/cropped-Logo-Cayco-sin-Fondo@4x.webp","contentUrl":"https:\/\/www.cayco.mx\/blog\/wp-content\/uploads\/2025\/09\/cropped-Logo-Cayco-sin-Fondo@4x.webp","width":1897,"height":678,"caption":"Blogs"},"image":{"@id":"https:\/\/www.cayco.mx\/blog\/#\/schema\/logo\/image\/"}},{"@type":"Person","@id":"https:\/\/www.cayco.mx\/blog\/#\/schema\/person\/8b0cd6773e86c1a0ae7fefa2bba148c9","name":"cayco","image":{"@type":"ImageObject","inLanguage":"es","@id":"https:\/\/secure.gravatar.com\/avatar\/255d33555c07fed929ba934cf22703404fdf912492afd4d780b6a36534cc73f4?s=96&d=mm&r=g","url":"https:\/\/secure.gravatar.com\/avatar\/255d33555c07fed929ba934cf22703404fdf912492afd4d780b6a36534cc73f4?s=96&d=mm&r=g","contentUrl":"https:\/\/secure.gravatar.com\/avatar\/255d33555c07fed929ba934cf22703404fdf912492afd4d780b6a36534cc73f4?s=96&d=mm&r=g","caption":"cayco"},"sameAs":["http:\/\/www.cayco.mx\/blog"],"url":"https:\/\/www.cayco.mx\/blog\/author\/admin\/"}]}},"_links":{"self":[{"href":"https:\/\/www.cayco.mx\/blog\/wp-json\/wp\/v2\/posts\/250","targetHints":{"allow":["GET"]}}],"collection":[{"href":"https:\/\/www.cayco.mx\/blog\/wp-json\/wp\/v2\/posts"}],"about":[{"href":"https:\/\/www.cayco.mx\/blog\/wp-json\/wp\/v2\/types\/post"}],"author":[{"embeddable":true,"href":"https:\/\/www.cayco.mx\/blog\/wp-json\/wp\/v2\/users\/1"}],"replies":[{"embeddable":true,"href":"https:\/\/www.cayco.mx\/blog\/wp-json\/wp\/v2\/comments?post=250"}],"version-history":[{"count":1,"href":"https:\/\/www.cayco.mx\/blog\/wp-json\/wp\/v2\/posts\/250\/revisions"}],"predecessor-version":[{"id":252,"href":"https:\/\/www.cayco.mx\/blog\/wp-json\/wp\/v2\/posts\/250\/revisions\/252"}],"wp:featuredmedia":[{"embeddable":true,"href":"https:\/\/www.cayco.mx\/blog\/wp-json\/wp\/v2\/media\/251"}],"wp:attachment":[{"href":"https:\/\/www.cayco.mx\/blog\/wp-json\/wp\/v2\/media?parent=250"}],"wp:term":[{"taxonomy":"category","embeddable":true,"href":"https:\/\/www.cayco.mx\/blog\/wp-json\/wp\/v2\/categories?post=250"},{"taxonomy":"post_tag","embeddable":true,"href":"https:\/\/www.cayco.mx\/blog\/wp-json\/wp\/v2\/tags?post=250"}],"curies":[{"name":"wp","href":"https:\/\/api.w.org\/{rel}","templated":true}]}}